{"id":95558,"date":"2024-02-14T09:42:33","date_gmt":"2024-02-14T08:42:33","guid":{"rendered":"https:\/\/be.themedialeader.com\/mediaplus-wint-het-internationale-account-van-vanharen\/"},"modified":"2025-08-14T09:20:44","modified_gmt":"2025-08-14T07:20:44","slug":"mediaplus-wint-het-internationale-account-van-vanharen","status":"publish","type":"post","link":"https:\/\/be.themedialeader.com\/mediaplus-wint-het-internationale-account-van-vanharen\/","title":{"rendered":"Mediaplus wint het internationale account van vanHaren"},"content":{"rendered":"<p><strong>Schoenenretailer Deichmann (vanHaren voor de Belgische markt) heeft een nieuwe internationale partner. Voortbouwend op de verantwoordelijkheid voor het Duitse account sinds 2014, heeft Mediaplus de pitch gewonnen voor vijf extra Europese markten: Spanje, Portugal, Roemeni\u00eb, Nederland en Belgi\u00eb. De ge\u00efntegreerde mediastrategie zal centraal worden geco\u00f6rdineerd vanuit Duitsland.<\/strong><\/p>\n<p>Het budget omvat planning, strategie en aankoop. De mix omvat alle media op alle kanalen. Het doel is om op korte termijn de merk- en advertentiebekendheid te vergroten en op lange termijn nieuwe klanten aan te trekken. Met een op gegevens gebaseerde mediastrategie in real-time richt Deichmann zich voornamelijk op jongeren, mode- en trendbewuste mensen en gezinnen.<\/p>\n<p>Recent liet Mediaplus Belgi\u00eb nog mooie cijfers optekenen in de UMA Ranking.<\/p>\n<p><strong>Enzo Ricciulli<\/strong>, Managing Partner Mediaplus Belux: <em>\u201cIn de jaren 2021, 2022 en 2023 hebben we een uitzonderlijk groeitraject laten zien met respectievelijke stijgingen van 28%, 22% en 28%. Dit patroon onderstreept niet alleen de robuuste marktprestaties van het bureau, maar ook zijn vermogen om zich aan te passen en te innoveren in een competitieve sector.\u201d<\/em><\/p>\n","protected":false},"excerpt":{"rendered":"<p>Schoenenretailer Deichmann (vanHaren voor de Belgische markt) heeft een nieuwe internationale partner. Mediaplus won de pitch voor vijf extra Europese markten, waaronder Belgi\u00eb.<\/p>\n","protected":false},"author":5776,"featured_media":0,"comment_status":"closed","ping_status":"closed","sticky":false,"template":"","format":"standard","meta":{"_acf_changed":false,"_FSMCFIC_featured_image_caption":"","_FSMCFIC_featured_image_nocaption":"","_FSMCFIC_featured_image_hide":"","footnotes":""},"categories":[5666],"tags":[5583,5565,5575,5586,5566],"class_list":["post-95558","post","type-post","status-publish","format-standard","hentry","category-events-nl","tag-deichmann-2","tag-enzo-ricciulli-2","tag-mediaplus-2","tag-pitch-2","tag-vanharen-2","entry","cat-5666-id"],"acf":[],"aioseo_notices":[],"fimg_url":false,"publishpress_future_action":{"enabled":false,"date":"2026-05-09 09:51:32","action":"change-status","newStatus":"draft","terms":[],"taxonomy":"category"},"_links":{"self":[{"href":"https:\/\/be.themedialeader.com\/nl\/wp-json\/wp\/v2\/posts\/95558"}],"collection":[{"href":"https:\/\/be.themedialeader.com\/nl\/wp-json\/wp\/v2\/posts"}],"about":[{"href":"https:\/\/be.themedialeader.com\/nl\/wp-json\/wp\/v2\/types\/post"}],"author":[{"embeddable":true,"href":"https:\/\/be.themedialeader.com\/nl\/wp-json\/wp\/v2\/users\/5776"}],"replies":[{"embeddable":true,"href":"https:\/\/be.themedialeader.com\/nl\/wp-json\/wp\/v2\/comments?post=95558"}],"version-history":[{"count":0,"href":"https:\/\/be.themedialeader.com\/nl\/wp-json\/wp\/v2\/posts\/95558\/revisions"}],"wp:attachment":[{"href":"https:\/\/be.themedialeader.com\/nl\/wp-json\/wp\/v2\/media?parent=95558"}],"wp:term":[{"taxonomy":"category","embeddable":true,"href":"https:\/\/be.themedialeader.com\/nl\/wp-json\/wp\/v2\/categories?post=95558"},{"taxonomy":"post_tag","embeddable":true,"href":"https:\/\/be.themedialeader.com\/nl\/wp-json\/wp\/v2\/tags?post=95558"}],"curies":[{"name":"wp","href":"https:\/\/api.w.org\/{rel}","templated":true}]}}