{"id":308498,"date":"2026-04-30T10:18:25","date_gmt":"2026-04-30T08:18:25","guid":{"rendered":"https:\/\/be.themedialeader.com\/?p=308498"},"modified":"2026-04-30T11:56:08","modified_gmt":"2026-04-30T09:56:08","slug":"canal-verwerft-exclusieve-uefa-rechten-in-belgie-vanaf-2027","status":"publish","type":"post","link":"https:\/\/be.themedialeader.com\/nl\/canal-verwerft-exclusieve-uefa-rechten-in-belgie-vanaf-2027\/","title":{"rendered":"CANAL+ verwerft exclusieve UEFA-rechten in Belgi\u00eb vanaf 2027"},"content":{"rendered":"<p><strong>CANAL+ kondigt aan dat het de exclusieve voetbalrechten heeft verworven voor 100% van de UEFA Champions League, de UEFA Europa League en de UEFA Conference League in Belgi\u00eb. De overeenkomst omvat vier seizoenen, van 2027\/2028 tot en met 2030\/2031.<\/strong><\/p>\n<p class=\"styles_paragraph__6o_o7 styles_alignJustify___l4k4\">Deze overeenkomst vormt een belangrijke stap in de Europese ontwikkelingen van CANAL+ en versterkt de langdurige strategische samenwerking tussen CANAL+ en UC3. \u200bAlle wedstrijden van de Europese clubcompetities zullen beschikbaar zijn voor kijkers van CANAL+ in Belgi\u00eb. Deze overeenkomst bevestigt de ambitie van CANAL+ om zijn aanwezigheid in Belgi\u00eb verder uit te bouwen.<\/p>\n<p class=\"styles_paragraph__6o_o7 styles_alignJustify___l4k4\"><strong>Yassine Bouzoubaa<\/strong>, CEO CANAL+ Benelux &amp; Centraal-Europa: <em>&#8220;We zijn verheugd dat UC3 het volste vertrouwen in CANAL+ heeft gesteld door ons de volledige exclusieve rechten voor de UEFA-clubcompetities voor mannen in Belgi\u00eb toe te wijzen. Het bevestigt onze passie en ons diep engagement om voetbalfans de mooiste emoties te laten beleven, op het allerhoogste niveau. Een cruciale stap in de versnelde ontwikkeling van CANAL+ in Belgi\u00eb.\u201d<\/em><\/p>\n<p class=\"styles_paragraph__6o_o7 styles_alignJustify___l4k4\">CANAL+ beschikt momenteel over de uitzendrechten voor UEFA-clubcompetities in meer dan 50 landen wereldwijd, waaronder Frankrijk, Polen, Oostenrijk en Zwitserland.<\/p>\n<p><strong>Over CANAL+<\/strong><\/p>\n<p class=\"styles_paragraph__6o_o7 styles_alignJustify___l4k4\">CANAL+ is een wereldwijd media- en entertainmentbedrijf met leidinggevende posities in Europa en Afrika. Meer dan 40 miljoen abonnees hebben toegang tot het CANAL+ entertainmentplatform dat de beste films, series, live sport en tv-zenders samenbrengt. Het merk is actief in meer dan 70 landen en heeft ongeveer 15.000 medewerkers.<\/p>\n<p class=\"styles_paragraph__6o_o7 styles_alignJustify___l4k4\">CANAL+ is actief in de gehele audiovisuele keten, inclusief productie, uitzending, distributie en aggregatie. Naast betaaltelevisie en streaming in Europa, Afrika en Azi\u00eb omvat het mediabedrijf onder meer MultiChoice Group (Afrika\u2019s grootste entertainmentplatform) en STUDIOCANAL (film- en televisiestudio met wereldwijde productie- en distributiemogelijkheden). Daarnaast is het eigenaar van Dailymotion, een internationaal videoplatform. CANAL+ Distribution maakt deel uit van de groep en is gespecialiseerd in het cre\u00ebren en distribueren van diverse content en thematische kanalen. Verder biedt CANAL+ telecommunicatiediensten aan via GVA in Afrika en CANAL+ Telecom in de Franse overzeese gebieden.<\/p>\n<p class=\"styles_paragraph__6o_o7 styles_alignJustify___l4k4\">CANAL+ heeft ook minderheidsaandelen in Viaplay (marktleider in Scandinavi\u00eb), Viu (OTT-platform in Zuid-Azi\u00eb) en UGC (Franse bioscoopgroep).<\/p>\n<p class=\"styles_paragraph__6o_o7 styles_alignJustify___l4k4\">In Belgi\u00eb omvat het aanbod de merken TV VLAANDEREN en T\u00c9L\u00c9SAT met TV via streaming en satelliet.<\/p>\n<p><strong>Over UC3<\/strong><\/p>\n<p>UC3 brengt de Europese voetbalbond UEFA en European Football Clubs (EFC) samen, dat meer dan 800 van de grootste Europese clubs vertegenwoordigt, rond een nieuwe visie op het beheer van de commerci\u00eble rechten van de UEFA\u2011interclubcompetities (de \u201cUCC\u2019s\u201d).<\/p>\n<p>UC3 is de commerci\u00eble entiteit die verantwoordelijk is voor het genereren van inkomsten uit de UCC\u2019s en voor het cre\u00ebren van waarde voor haar partners.<\/p>\n<p>UC3 ziet toe op het beheer, de commercialisering en de uitvoering van alle commerci\u00eble rechten (waaronder media\u2011, sponsoring\u2011 en licentierechten) van de elite interclubcompetities voor mannen en vrouwen van de UEFA.<\/p>\n<p><strong>Over Relevent Football Partners<\/strong><\/p>\n<p class=\"styles_paragraph__6o_o7 styles_alignJustify___l4k4\">Relevent Football Partners maakt integraal deel uit van de Relevent\u2011groep en is speciaal opgericht om de interclubcompetities voor mannen van de UEFA wereldwijd te commercialiseren.<\/p>\n<p class=\"styles_paragraph__6o_o7 styles_alignJustify___l4k4\">Als onafhankelijke entiteit heeft het agentschap de opdracht om UC3 strategische en commerci\u00eble ondersteuning te bieden bij de wereldwijde marketing en verkoop van de media\u2011, sponsoring\u2011 en licentierechten van de UEFA Champions League, de UEFA Europa League, de UEFA Conference League, de UEFA Super Cup, de UEFA Youth League en de UEFA Futsal Champions League.<\/p>\n<p class=\"styles_paragraph__6o_o7 styles_alignJustify___l4k4\">Het bedrijf maakt deel uit van de portefeuille van Stephen Ross, waartoe onder meer activa behoren zoals de Miami Dolphins, het Hard Rock Stadium, de Formule 1 Grand Prix van Miami en het Miami Open tennistoernooi, evenals de vastgoedontwikkelingsbedrijven Related Ross en Related Companies en het fitnessmerk Equinox.<\/p>\n<p class=\"styles_paragraph__6o_o7 styles_alignJustify___l4k4\">Relevent Football Partners heeft zijn hoofdzetel in Londen, met nevenkantoren in New York en Miami. Kantoren in Doha en Zuidoost\u2011Azi\u00eb volgen later.<\/p>\n","protected":false},"excerpt":{"rendered":"<p>CANAL+ verwerft de exclusieve voetbalrechten van de Champions League, Europa League en Conference League in Belgi\u00eb. De overeenkomst omvat vier seizoenen, van 2027\/2028 tot en met 2030\/2031.<\/p>\n","protected":false},"author":5792,"featured_media":308501,"comment_status":"closed","ping_status":"closed","sticky":false,"template":"","format":"standard","meta":{"_acf_changed":false,"_FSMCFIC_featured_image_caption":"","_FSMCFIC_featured_image_nocaption":"","_FSMCFIC_featured_image_hide":"","footnotes":""},"categories":[5664,9339],"tags":[13268,31981,31979,31980],"class_list":["post-308498","post","type-post","status-publish","format-standard","has-post-thumbnail","hentry","category-media-nl","category-news-nl","tag-canal-2","tag-relevent-football-partners","tag-uc3","tag-yassine-bouzoubaa","entry","cat-5664-id"],"acf":[],"aioseo_notices":[],"fimg_url":"https:\/\/be.themedialeader.com\/wp-content\/uploads\/2026\/04\/CANAL-Exclusieve-rechten-UEFA-.png","publishpress_future_action":{"enabled":false,"date":"2026-05-07 15:19:33","action":"change-status","newStatus":"draft","terms":[],"taxonomy":"category"},"_links":{"self":[{"href":"https:\/\/be.themedialeader.com\/nl\/wp-json\/wp\/v2\/posts\/308498"}],"collection":[{"href":"https:\/\/be.themedialeader.com\/nl\/wp-json\/wp\/v2\/posts"}],"about":[{"href":"https:\/\/be.themedialeader.com\/nl\/wp-json\/wp\/v2\/types\/post"}],"author":[{"embeddable":true,"href":"https:\/\/be.themedialeader.com\/nl\/wp-json\/wp\/v2\/users\/5792"}],"replies":[{"embeddable":true,"href":"https:\/\/be.themedialeader.com\/nl\/wp-json\/wp\/v2\/comments?post=308498"}],"version-history":[{"count":9,"href":"https:\/\/be.themedialeader.com\/nl\/wp-json\/wp\/v2\/posts\/308498\/revisions"}],"predecessor-version":[{"id":308509,"href":"https:\/\/be.themedialeader.com\/nl\/wp-json\/wp\/v2\/posts\/308498\/revisions\/308509"}],"wp:featuredmedia":[{"embeddable":true,"href":"https:\/\/be.themedialeader.com\/nl\/wp-json\/wp\/v2\/media\/308501"}],"wp:attachment":[{"href":"https:\/\/be.themedialeader.com\/nl\/wp-json\/wp\/v2\/media?parent=308498"}],"wp:term":[{"taxonomy":"category","embeddable":true,"href":"https:\/\/be.themedialeader.com\/nl\/wp-json\/wp\/v2\/categories?post=308498"},{"taxonomy":"post_tag","embeddable":true,"href":"https:\/\/be.themedialeader.com\/nl\/wp-json\/wp\/v2\/tags?post=308498"}],"curies":[{"name":"wp","href":"https:\/\/api.w.org\/{rel}","templated":true}]}}