{"id":308226,"date":"2026-04-23T13:42:42","date_gmt":"2026-04-23T11:42:42","guid":{"rendered":"https:\/\/be.themedialeader.com\/?p=308226"},"modified":"2026-04-24T09:24:24","modified_gmt":"2026-04-24T07:24:24","slug":"het-cim-publiceert-jaarverslag-2025","status":"publish","type":"post","link":"https:\/\/be.themedialeader.com\/nl\/het-cim-publiceert-jaarverslag-2025\/","title":{"rendered":"Het CIM publiceert jaarverslag 2025"},"content":{"rendered":"<p class=\"x_MsoNormal\"><strong><span lang=\"NL-BE\" data-olk-copy-source=\"MessageBody\">Het CIM (Centrum voor Informatie over de Media) publiceerde zijn jaarverslag 2025. Het voorbije jaar markeert een beslissende fase in de transformatie van het Belgische meetsysteem, met belangrijke stappen richting de implementatie van CIM ONE, het nieuwe crossmediale meetkader dat alle mediaconsumptie vanuit \u00e9\u00e9n ge\u00efntegreerde visie in kaart zal brengen. <\/span><span lang=\"NL-BE\">Na het leggen van de fundamenten in 2024, stond 2025 in het teken van\u00a0concrete realisaties, technologische vooruitgang en sectorbrede verankering. Het CIM positioneert zich hiermee nadrukkelijk als een sleutelspeler in de toekomst van mediameting, zowel nationaal als internationaal.<\/span><\/strong><\/p>\n<p class=\"x_MsoNormal\"><span lang=\"NL-BE\" data-olk-copy-source=\"MessageBody\"><em>\u201c2025 heeft nogmaals aangetoond hoe snel het medialandschap evolueert en hoe essentieel betrouwbare, neutrale en vergelijkbare data zijn\u201d<\/em>,\u00a0zegt Algemeen Directeur\u00a0<b>Koenraad Deridder<\/b>. <em>\u201cMet CIM ONE bouwen we aan een ge\u00efntegreerd systeem dat mediagedrag over alle platformen heen meet en vertaalt naar relevante inzichten voor de hele sector.\u201d<\/em><\/span><\/p>\n<p class=\"x_MsoNormal\"><span lang=\"NL-BE\">Voorzitter\u00a0<b>Stefan Lameire<\/b> benadrukt het belang van samenwerking:\u00a0<\/span><span lang=\"NL-BE\">\u201c<i>De vooruitgang die we in 2025 hebben geboekt, is het resultaat van een unieke samenwerking tussen media, adverteerders en bureaus. CIM ONE leeft vandaag in de sector en cre\u00ebert een sterk draagvlak voor de volgende stappen<\/i>.\u201d<\/span><\/p>\n<h3 class=\"x_MsoNormal\"><span lang=\"NL-BE\" data-olk-copy-source=\"MessageBody\">Belangrijkste realisaties in 2025<\/span><\/h3>\n<p class=\"x_MsoNormal\"><span lang=\"NL-BE\">Het jaarverslag licht een aantal strategische ontwikkelingen toe:<\/span><\/p>\n<p><b><span lang=\"NL-BE\"><span data-teams=\"true\">\ud83d\udd38 <\/span>Versnelling van CIM ONE<\/span><\/b><span lang=\"NL-BE\">: verdere ontwikkeling van het ge\u00efntegreerde meetsysteem, met de combinatie van paneldata en big data en de voorbereiding van een nieuw productieplatform.<br \/>\n<\/span><b><span lang=\"NL-BE\"><span data-teams=\"true\">\ud83d\udd38 <\/span>Uitbouw van het ONE Panel<\/span><\/b><span lang=\"NL-BE\">: lancering en uitbreiding van het smartphonepanel, integratie met het tv-panel en voorbereidingen voor een nationale uitrol.<br \/>\n<span data-teams=\"true\">\ud83d\udd38 <\/span><\/span><b><span lang=\"NL-BE\">Innovatie in datagebruik<\/span><\/b><span lang=\"NL-BE\">: inzet van nieuwe databronnen zoals Return Path Data, serverdata en passieve metingen voor een accurater beeld van mediaconsumptie.<br \/>\n<span data-teams=\"true\">\ud83d\udd38 <\/span><\/span><b><span lang=\"NL-BE\">Nieuwe studies en tools<\/span><\/b><span lang=\"NL-BE\">: onder meer de lancering van Audio On Demand en verdere ontwikkeling van ToVA (Total Video Advertising), inspelend op de groei van digitale en crossmediale consumptie.<br \/>\n<span data-teams=\"true\">\ud83d\udd38 <\/span><\/span><b><span lang=\"NL-BE\">Versterkte samenwerking<\/span><\/b><span lang=\"NL-BE\">: oprichting van de Audience Measurement Coalition op Europees niveau en nieuwe partnerships met academische instellingen en sectororganisaties.<\/span><\/p>\n<h3 class=\"x_MsoNormal\"><span lang=\"NL-BE\" data-olk-copy-source=\"MessageBody\">Transitie naar 2027<\/span><\/h3>\n<p class=\"x_MsoNormal\"><span lang=\"NL-BE\">2025 vormt een cruciale tussenstap richting de geplande lancering van CIM ONE in 2027. Het nieuwe systeem zal onder meer leiden tot ge\u00efntegreerde \u2018currencies\u2019 voor\u00a0Total Video, Total Audio en Total Digital, en moet de sector voorzien van\u00a0transparante, vergelijkbare en toekomstbestendige data.<\/span><\/p>\n<p class=\"x_MsoNormal\"><span lang=\"NL-BE\">Met deze evolutie wil het CIM bijdragen aan een\u00a0eerlijker en effici\u00ebnter medialandschap, waarin lokale en internationale spelers op een gelijkwaardige manier gemeten kunnen worden.<\/span><\/p>\n","protected":false},"excerpt":{"rendered":"<p>Het CIM jaarverslag benadrukt de verdere uitbouw van CIM ONE, het nieuwe ge\u00efntegreerde meetsysteem voor mediaconsumptie. 2025 stond in het teken van concrete vooruitgang richting de lancering in 2027.<\/p>\n","protected":false},"author":5792,"featured_media":308228,"comment_status":"closed","ping_status":"closed","sticky":false,"template":"","format":"standard","meta":{"_acf_changed":false,"_FSMCFIC_featured_image_caption":"","_FSMCFIC_featured_image_nocaption":"","_FSMCFIC_featured_image_hide":"","footnotes":""},"categories":[9395],"tags":[5657,6558,5675,5649],"class_list":["post-308226","post","type-post","status-publish","format-standard","has-post-thumbnail","hentry","category-insights-nl","tag-cim-2","tag-cim-one","tag-koenraad-deridder","tag-stefan-lameire-2","entry","cat-9395-id"],"acf":[],"aioseo_notices":[],"fimg_url":"https:\/\/be.themedialeader.com\/wp-content\/uploads\/2026\/04\/CIM-jaarverslag.png","publishpress_future_action":{"enabled":false,"date":"2026-05-04 16:39:12","action":"change-status","newStatus":"draft","terms":[],"taxonomy":"category"},"_links":{"self":[{"href":"https:\/\/be.themedialeader.com\/nl\/wp-json\/wp\/v2\/posts\/308226"}],"collection":[{"href":"https:\/\/be.themedialeader.com\/nl\/wp-json\/wp\/v2\/posts"}],"about":[{"href":"https:\/\/be.themedialeader.com\/nl\/wp-json\/wp\/v2\/types\/post"}],"author":[{"embeddable":true,"href":"https:\/\/be.themedialeader.com\/nl\/wp-json\/wp\/v2\/users\/5792"}],"replies":[{"embeddable":true,"href":"https:\/\/be.themedialeader.com\/nl\/wp-json\/wp\/v2\/comments?post=308226"}],"version-history":[{"count":3,"href":"https:\/\/be.themedialeader.com\/nl\/wp-json\/wp\/v2\/posts\/308226\/revisions"}],"predecessor-version":[{"id":308266,"href":"https:\/\/be.themedialeader.com\/nl\/wp-json\/wp\/v2\/posts\/308226\/revisions\/308266"}],"wp:featuredmedia":[{"embeddable":true,"href":"https:\/\/be.themedialeader.com\/nl\/wp-json\/wp\/v2\/media\/308228"}],"wp:attachment":[{"href":"https:\/\/be.themedialeader.com\/nl\/wp-json\/wp\/v2\/media?parent=308226"}],"wp:term":[{"taxonomy":"category","embeddable":true,"href":"https:\/\/be.themedialeader.com\/nl\/wp-json\/wp\/v2\/categories?post=308226"},{"taxonomy":"post_tag","embeddable":true,"href":"https:\/\/be.themedialeader.com\/nl\/wp-json\/wp\/v2\/tags?post=308226"}],"curies":[{"name":"wp","href":"https:\/\/api.w.org\/{rel}","templated":true}]}}