{"id":306714,"date":"2026-03-06T09:31:32","date_gmt":"2026-03-06T08:31:32","guid":{"rendered":"https:\/\/be.themedialeader.com\/?p=306714"},"modified":"2026-03-06T09:49:28","modified_gmt":"2026-03-06T08:49:28","slug":"lloyd-byloos-benoemd-tot-nieuwe-radiodirecteur-van-rtl-belgium-vanaf-1-augustus","status":"publish","type":"post","link":"https:\/\/be.themedialeader.com\/nl\/lloyd-byloos-benoemd-tot-nieuwe-radiodirecteur-van-rtl-belgium-vanaf-1-augustus\/","title":{"rendered":"Lloyd Byloos benoemd tot nieuwe radiodirecteur van RTL Belgium vanaf 1 augustus"},"content":{"rendered":"<p><strong>RTL Belgium kondigt de benoeming aan van Lloyd Byloos als Radio Media Director, met ingang vanaf 1 augustus 2026. Hij volgt Fr\u00e9d\u00e9ric Herbays op, die tot die tijd zijn teams blijft aansturen om een \u200b\u200bsoepele overgang en de continu\u00efteit van lopende projecten te waarborgen.<\/strong><\/p>\n<p>Met 15 jaar ervaring in alle aspecten van het radiovak zal het Lloyds missie zijn om de ontwikkeling van de radiostations van RTL Belgium te versnellen.<\/p>\n<p><strong>Lloyd Byloos<\/strong>, momenteel nog algemeen directeur van Fun Radio en LN Radio: <em>&#8220;Met trots en enthousiasme sluit ik me aan bij RTL Belgium. Mijn 15 jaar bij Fun Radio, van presentator tot algemeen directeur, hebben me een ge\u00efntegreerd beeld gegeven van het radiomedium: redactioneel, strategisch, menselijk en financieel.&#8221;<\/em><\/p>\n<p>Na drie\u00ebnhalf jaar aan het roer van de radiostations van RTL heeft Fr\u00e9d\u00e9ric Herbays ervoor gekozen om zich terug te trekken en nieuwe projecten na te streven.<\/p>\n<p><strong>Fr\u00e9d\u00e9ric Herbays<\/strong>, Radio Media Director bij RTL Belgium: <em>\u201cNa meer dan 35 jaar in de radio, waarvan de laatste tien jaar in managementfuncties, heb ik het gevoel dat ik aan het einde van een cyclus ben gekomen en heb ik ervoor gekozen om een stap terug te zetten. Ik ben blij dat ik deze intense ervaring heb mogen delen met Guillaume Collard en de teams van RTL Belgium die ik hartelijk wil bedanken. In al die jaren heb ik mijn professionele verplichtingen vaak voorrang gegeven boven mijn gezinsleven en het is nu tijd om daar verandering in te brengen. Ik zal echter wel \u2018radioactief\u2019 blijven door me te richten op meer gerichte opdrachten en projecten.\u201d<\/em><\/p>\n","protected":false},"excerpt":{"rendered":"<p>RTL Belgium kondigt de benoeming aan van Lloyd Byloos als Radio Media Director, met ingang vanaf 1 augustus 2026. Hij volgt Fr\u00e9d\u00e9ric Herbays op, die tot die tijd zijn teams blijft aansturen om een \u200b\u200bsoepele overgang en de continu\u00efteit van lopende projecten te waarborgen.<\/p>\n","protected":false},"author":5776,"featured_media":306712,"comment_status":"closed","ping_status":"closed","sticky":false,"template":"","format":"standard","meta":{"_acf_changed":false,"_FSMCFIC_featured_image_caption":"\u00a9 RTL Belgium","_FSMCFIC_featured_image_nocaption":"","_FSMCFIC_featured_image_hide":"","footnotes":""},"categories":[5665],"tags":[6264,12480,6041],"class_list":["post-306714","post","type-post","status-publish","format-standard","has-post-thumbnail","hentry","category-people-nl","tag-frederic-herbays","tag-lloyd-byloos-2","tag-rtl-belgium","entry","cat-5665-id"],"acf":[],"aioseo_notices":[],"fimg_url":"https:\/\/be.themedialeader.com\/wp-content\/uploads\/2026\/03\/rtl-radio.png","publishpress_future_action":{"enabled":false,"date":"2026-05-06 01:55:19","action":"change-status","newStatus":"draft","terms":[],"taxonomy":"category"},"_links":{"self":[{"href":"https:\/\/be.themedialeader.com\/nl\/wp-json\/wp\/v2\/posts\/306714"}],"collection":[{"href":"https:\/\/be.themedialeader.com\/nl\/wp-json\/wp\/v2\/posts"}],"about":[{"href":"https:\/\/be.themedialeader.com\/nl\/wp-json\/wp\/v2\/types\/post"}],"author":[{"embeddable":true,"href":"https:\/\/be.themedialeader.com\/nl\/wp-json\/wp\/v2\/users\/5776"}],"replies":[{"embeddable":true,"href":"https:\/\/be.themedialeader.com\/nl\/wp-json\/wp\/v2\/comments?post=306714"}],"version-history":[{"count":2,"href":"https:\/\/be.themedialeader.com\/nl\/wp-json\/wp\/v2\/posts\/306714\/revisions"}],"predecessor-version":[{"id":306716,"href":"https:\/\/be.themedialeader.com\/nl\/wp-json\/wp\/v2\/posts\/306714\/revisions\/306716"}],"wp:featuredmedia":[{"embeddable":true,"href":"https:\/\/be.themedialeader.com\/nl\/wp-json\/wp\/v2\/media\/306712"}],"wp:attachment":[{"href":"https:\/\/be.themedialeader.com\/nl\/wp-json\/wp\/v2\/media?parent=306714"}],"wp:term":[{"taxonomy":"category","embeddable":true,"href":"https:\/\/be.themedialeader.com\/nl\/wp-json\/wp\/v2\/categories?post=306714"},{"taxonomy":"post_tag","embeddable":true,"href":"https:\/\/be.themedialeader.com\/nl\/wp-json\/wp\/v2\/tags?post=306714"}],"curies":[{"name":"wp","href":"https:\/\/api.w.org\/{rel}","templated":true}]}}