{"id":305299,"date":"2026-01-23T10:00:57","date_gmt":"2026-01-23T09:00:57","guid":{"rendered":"https:\/\/be.themedialeader.com\/?p=305299"},"modified":"2026-01-23T12:46:37","modified_gmt":"2026-01-23T11:46:37","slug":"ads-data-versterkt-directiestructuur-met-nils-dero-martine-schrijvers-en-els-vercauteren","status":"publish","type":"post","link":"https:\/\/be.themedialeader.com\/nl\/ads-data-versterkt-directiestructuur-met-nils-dero-martine-schrijvers-en-els-vercauteren\/","title":{"rendered":"Ads &#038; Data versterkt directiestructuur met Nils Dero, Martine Schrijvers en Els Vercauteren"},"content":{"rendered":"<p>Na de recente aanstelling van<strong> Val\u00e9rie Morfitis<\/strong> als CEO zet <strong>Ads &amp; Data<\/strong> een volgende stap in haar strategie. Het bedrijf past haar directiestructuur aan en wil de adverteerder nog nadrukkelijker centraal zetten in haar werking. Met deze aanpassing worden nu de eerste concrete stappen gezet.<\/p>\n<p>De rol van Chief Commercial Officer (CCO) wordt voortaan anders ingevuld. De commerci\u00eble verantwoordelijkheid wordt breder gedragen binnen het directiecomit\u00e9, met de toetreding van drie sleutelfiguren uit het commerci\u00eble team: <strong>Nils Dero<\/strong>, <strong>Martine Schrijvers<\/strong> en <strong>Els Vercauteren<\/strong>.<\/p>\n<p>Met deze evolutie kiest Ads &amp; Data expliciet voor een ge\u00efntegreerde commerci\u00eble aanpak, waarbij sales, data en creativiteit rechtstreeks vertegenwoordigd zijn op directieniveau. Drie elementen die cruciaal zijn om adverteerders maximaal te ondersteunen in het realiseren van hun businessdoelstellingen.<\/p>\n<p>\u201c<em>Deze structuurwijziging is een bewuste keuze om ons commercieel DNA nog sterker te verankeren in alles wat we doen<\/em>\u201d, zegt <strong>Val\u00e9rie Morfitis<\/strong>. \u201c<em>Nils, Martine en Els hebben aangetoond over de juiste drive en resultaatgerichtheid te beschikken om ervoor te zorgen dat onze strategische keuzes nog dichter bij de markt en onze klanten staan<\/em>.\u201d<\/p>\n<p>De nieuwe structuur gaat gepaard met een aantal organisatorische wijzigingen. Het Client Operations-team, onder leiding van <strong>Britt Vlamynck<\/strong>, zal voortaan onder Nils Dero ressorteren. Het Data-team van <strong>Jochem Vermeiren<\/strong> en het Market Intelligence-team van <strong>Rikkert Van Loo<\/strong> zullen rapporteren aan Martine Schrijvers. Deze keuzes versterken de samenhang tussen sales, operatie, data en marktbenadering en verhogen de slagkracht over de volledige commerci\u00eble keten. <strong>Els Vercauteren<\/strong> blijft verantwoordelijk voor de creatieve partnerships en B2B-marketing via de Brand Studio.<\/p>\n<p>Tegelijk neemt Ads &amp; Data met grote waardering afscheid van de rol van CCO zoals die tot vandaag werd ingevuld door<strong> Bart Demeulenaere<\/strong>. Bart was sinds de oprichting betrokken bij Ads &amp; Data en speelde een sleutelrol in de uitbouw van de commerci\u00eble strategie, de cultuur en de ambitie van het bedrijf. Om een vlotte overgang te garanderen, blijft hij aan boord tot eind maart en begeleidt hij actief de overdracht naar het nieuwe leiderschapsteam.<\/p>\n<p>\u201c<em>Wat we bij Ads &amp; Data tot nu toe hebben opgebouwd, is het resultaat van uitzonderlijk talent, drive en samenwerking<\/em>\u201d, aldus Bart Demeulenaere. \u201c<em>Ik ben trots op wat hier staat en heb er alle vertrouwen in dat dit team het verhaal verder zal laten groeien<\/em>.\u201d<\/p>\n","protected":false},"excerpt":{"rendered":"<p>Ads &#038; Data past haar directiestructuur aan na de aanstelling van CEO Val\u00e9rie Morfitis. Nils Dero, Martine Schrijvers en Els Vercauteren treden toe tot het directiecomit\u00e9. Tegelijk neemt de regie afscheid van de rol van CCO ingevuld door Bart Demeulenaere.<\/p>\n","protected":false},"author":5775,"featured_media":305300,"comment_status":"closed","ping_status":"closed","sticky":false,"template":"","format":"standard","meta":{"_acf_changed":false,"_FSMCFIC_featured_image_caption":"V.l.n.r.:  Anja Van Wingene, Lieve Beckers, Nils Dero, Val\u00e9rie Morfitis, Els Vercauteren en Martine Schrijvers.","_FSMCFIC_featured_image_nocaption":"","_FSMCFIC_featured_image_hide":"","footnotes":""},"categories":[5665],"tags":[5818,5634,6197,12205,13228,5638],"class_list":["post-305299","post","type-post","status-publish","format-standard","has-post-thumbnail","hentry","category-people-nl","tag-ads-data","tag-bart-demeulenaere-2","tag-els-vercauteren","tag-martine-schrijvers-2","tag-nils-dero-2","tag-valerie-morfitis-2","entry","cat-5665-id"],"acf":[],"aioseo_notices":[],"fimg_url":"https:\/\/be.themedialeader.com\/wp-content\/uploads\/2026\/01\/ads-data-nieuwe-structuur.png","publishpress_future_action":{"enabled":false,"date":"2026-05-06 03:01:25","action":"change-status","newStatus":"draft","terms":[],"taxonomy":"category"},"_links":{"self":[{"href":"https:\/\/be.themedialeader.com\/nl\/wp-json\/wp\/v2\/posts\/305299"}],"collection":[{"href":"https:\/\/be.themedialeader.com\/nl\/wp-json\/wp\/v2\/posts"}],"about":[{"href":"https:\/\/be.themedialeader.com\/nl\/wp-json\/wp\/v2\/types\/post"}],"author":[{"embeddable":true,"href":"https:\/\/be.themedialeader.com\/nl\/wp-json\/wp\/v2\/users\/5775"}],"replies":[{"embeddable":true,"href":"https:\/\/be.themedialeader.com\/nl\/wp-json\/wp\/v2\/comments?post=305299"}],"version-history":[{"count":4,"href":"https:\/\/be.themedialeader.com\/nl\/wp-json\/wp\/v2\/posts\/305299\/revisions"}],"predecessor-version":[{"id":305327,"href":"https:\/\/be.themedialeader.com\/nl\/wp-json\/wp\/v2\/posts\/305299\/revisions\/305327"}],"wp:featuredmedia":[{"embeddable":true,"href":"https:\/\/be.themedialeader.com\/nl\/wp-json\/wp\/v2\/media\/305300"}],"wp:attachment":[{"href":"https:\/\/be.themedialeader.com\/nl\/wp-json\/wp\/v2\/media?parent=305299"}],"wp:term":[{"taxonomy":"category","embeddable":true,"href":"https:\/\/be.themedialeader.com\/nl\/wp-json\/wp\/v2\/categories?post=305299"},{"taxonomy":"post_tag","embeddable":true,"href":"https:\/\/be.themedialeader.com\/nl\/wp-json\/wp\/v2\/tags?post=305299"}],"curies":[{"name":"wp","href":"https:\/\/api.w.org\/{rel}","templated":true}]}}