{"id":304929,"date":"2026-01-09T09:18:37","date_gmt":"2026-01-09T08:18:37","guid":{"rendered":"https:\/\/be.themedialeader.com\/?p=304929"},"modified":"2026-01-09T10:05:36","modified_gmt":"2026-01-09T09:05:36","slug":"tim-vanacker-start-bij-publicis-groupe-belgie-als-head-of-comms-planning","status":"publish","type":"post","link":"https:\/\/be.themedialeader.com\/nl\/tim-vanacker-start-bij-publicis-groupe-belgie-als-head-of-comms-planning\/","title":{"rendered":"Publicis Groupe Belgi\u00eb versterkt zich met Tim Vanacker als Head of Comms Planning"},"content":{"rendered":"<div class=\"HeaderRenderer_renderer__qMSoA\">\n<section class=\"prezly-slate-document\" data-version=\"0.50\">\n<p class=\"Subtitle_subtitle__8gPAi\">Het nieuwe jaar start goed voor <strong>Publicis Groupe Belgi\u00eb<\/strong> met de aanstelling van <strong>Tim Vanacker<\/strong> als Head of Comms Planning. Dankzij zijn uitgebreide expertise in mediastrategie, agency leadership en ge\u00efntegreerde communicatie geeft hij het strategische hart van het bureau extra slagkracht.<\/p>\n<\/section>\n<\/div>\n<div class=\"ContentRenderer_renderer__IBbst\">\n<section class=\"prezly-slate-document\" data-version=\"0.50\">\n<p class=\"styles_paragraph__6o_o7\">Tim Vanacker bouwde zijn carri\u00e8re uit aan bureauzijde na een eerste ervaring in media sales (print en programmatic). Hij startte bij Havas Media, waar hij doorgroeide van account manager tot account director, en nam nadien de rol van client lead op bij MediaCom. Vervolgens keerde hij terug naar Havas Media, waar hij Arena Media opnieuw opstartte en leidde. In die rol maakte hij ook deel uit van het executive leadership team. Doorheen zijn carri\u00e8re werkte hij voor een brede waaier aan sectoren, waaronder banking, FMCG, retail en automotive.<\/p>\n<p class=\"styles_paragraph__6o_o7\">In zijn nieuwe rol bij Publicis Groupe Belgi\u00eb wordt Vanacker verantwoordelijk voor het media planning team, dat bestaat uit ongeveer dertig media planning directors, managers en executives. Hij zal nauw samenwerken met het strategy- en datateam, met PMX en natuurlijk met de andere m\u00e9tiers die samenkomen onder de <em>Power of One<\/em>-structuur. Daarnaast treedt Vanacker ook toe het Expert Board, een belangrijk overleg- en adviesorgaan binnen het bureau.<\/p>\n<p class=\"styles_paragraph__6o_o7\">Over zijn overstap zegt\u00a0<strong>Tim Vanacker<\/strong>:<\/p>\n<blockquote class=\"Quote_container__z1s15 Quote_alignLeft__eFsH4\">\n<div class=\"Quote_content__dZxaB\"><em>Ik heb als buitenstaander altijd met veel nieuwsgierigheid, en soms met een tikkeltje jaloezie, gekeken naar de strategische keuzes die bij Publicis Groupe gemaakt werden. Het Power of One-verhaal, de sterke inzet op data en het belang van \u201cLibert\u00e9, Curiosit\u00e9, Cr\u00e9ativit\u00e9\u201d zijn waarden waar ik volledig achter sta. Ik kijk er enorm naar uit om mee te bouwen aan dat verhaal.<\/em><\/div>\n<\/blockquote>\n<p class=\"styles_paragraph__6o_o7\"><strong>Berten Peremans<\/strong>, Chief Strategy Officer bij Publicis Groupe Belgi\u00eb:<\/p>\n<blockquote class=\"Quote_container__z1s15 Quote_alignLeft__eFsH4\">\n<div class=\"Quote_content__dZxaB\"><em>Tim brengt een uitzonderlijke combinatie van strategisch inzicht en hands-on leiderschap mee. Hij heeft bewezen teams te inspireren, bureaus succesvol mee te leiden en campagnes te realiseren die zowel lokaal als internationaal erkenning kregen. Met zijn komst kunnen we media planning nog sterker inzetten als drijvende kracht achter de strategische keuzes van onze klanten, binnen het unieke Power of One-model van Publicis Groupe.<\/em><\/div>\n<\/blockquote>\n<\/section>\n<\/div>\n","protected":false},"excerpt":{"rendered":"<p>Publicis Groupe Belgi\u00eb benoemt Tim Vanacker tot Head of Comms Planning. Met zijn achtergrond in mediastrategie, leadership en ge\u00efntegreerde communicatie versterkt hij het media planning team en de strategische slagkracht van het bureau.<\/p>\n","protected":false},"author":5775,"featured_media":304931,"comment_status":"closed","ping_status":"closed","sticky":false,"template":"","format":"standard","meta":{"_acf_changed":false,"_FSMCFIC_featured_image_caption":"","_FSMCFIC_featured_image_nocaption":"","_FSMCFIC_featured_image_hide":"","footnotes":""},"categories":[5665],"tags":[5569,5580,11988],"class_list":["post-304929","post","type-post","status-publish","format-standard","has-post-thumbnail","hentry","category-people-nl","tag-berten-peremans-2","tag-publicis-groupe-2","tag-tim-vanacker-2","entry","cat-5665-id"],"acf":[],"aioseo_notices":[],"fimg_url":"https:\/\/be.themedialeader.com\/wp-content\/uploads\/2026\/01\/Tim-Van-Acker.png","publishpress_future_action":{"enabled":false,"date":"2026-05-06 03:01:49","action":"change-status","newStatus":"draft","terms":[],"taxonomy":"category"},"_links":{"self":[{"href":"https:\/\/be.themedialeader.com\/nl\/wp-json\/wp\/v2\/posts\/304929"}],"collection":[{"href":"https:\/\/be.themedialeader.com\/nl\/wp-json\/wp\/v2\/posts"}],"about":[{"href":"https:\/\/be.themedialeader.com\/nl\/wp-json\/wp\/v2\/types\/post"}],"author":[{"embeddable":true,"href":"https:\/\/be.themedialeader.com\/nl\/wp-json\/wp\/v2\/users\/5775"}],"replies":[{"embeddable":true,"href":"https:\/\/be.themedialeader.com\/nl\/wp-json\/wp\/v2\/comments?post=304929"}],"version-history":[{"count":5,"href":"https:\/\/be.themedialeader.com\/nl\/wp-json\/wp\/v2\/posts\/304929\/revisions"}],"predecessor-version":[{"id":304950,"href":"https:\/\/be.themedialeader.com\/nl\/wp-json\/wp\/v2\/posts\/304929\/revisions\/304950"}],"wp:featuredmedia":[{"embeddable":true,"href":"https:\/\/be.themedialeader.com\/nl\/wp-json\/wp\/v2\/media\/304931"}],"wp:attachment":[{"href":"https:\/\/be.themedialeader.com\/nl\/wp-json\/wp\/v2\/media?parent=304929"}],"wp:term":[{"taxonomy":"category","embeddable":true,"href":"https:\/\/be.themedialeader.com\/nl\/wp-json\/wp\/v2\/categories?post=304929"},{"taxonomy":"post_tag","embeddable":true,"href":"https:\/\/be.themedialeader.com\/nl\/wp-json\/wp\/v2\/tags?post=304929"}],"curies":[{"name":"wp","href":"https:\/\/api.w.org\/{rel}","templated":true}]}}