{"id":304589,"date":"2025-12-22T11:44:03","date_gmt":"2025-12-22T10:44:03","guid":{"rendered":"https:\/\/be.themedialeader.com\/?p=304589"},"modified":"2025-12-23T13:10:26","modified_gmt":"2025-12-23T12:10:26","slug":"het-reseau-des-medias-de-proximite-rmdp-benoemt-augustin-guissard-tot-nieuwe-voorzitter","status":"publish","type":"post","link":"https:\/\/be.themedialeader.com\/nl\/het-reseau-des-medias-de-proximite-rmdp-benoemt-augustin-guissard-tot-nieuwe-voorzitter\/","title":{"rendered":"R\u00e9seau des M\u00e9dias de Proximit\u00e9 (RMDP) benoemt Augustin Guissard tot nieuwe voorzitter"},"content":{"rendered":"<article class=\"text-token-text-primary w-full focus:outline-none [--shadow-height:45px] has-data-writing-block:pointer-events-none has-data-writing-block:-mt-(--shadow-height) has-data-writing-block:pt-(--shadow-height) [&amp;:has([data-writing-block])&gt;*]:pointer-events-auto scroll-mt-[calc(var(--header-height)+min(200px,max(70px,20svh)))]\" dir=\"auto\" tabindex=\"-1\" data-turn-id=\"request-WEB:274d97b1-ccef-4b25-a394-e5f4866aeb73-17\" data-testid=\"conversation-turn-36\" data-scroll-anchor=\"true\" data-turn=\"assistant\">\n<div class=\"text-base my-auto mx-auto pb-10 [--thread-content-margin:--spacing(4)] @w-sm\/main:[--thread-content-margin:--spacing(6)] @w-lg\/main:[--thread-content-margin:--spacing(16)] px-(--thread-content-margin)\">\n<div class=\"[--thread-content-max-width:40rem] @w-lg\/main:[--thread-content-max-width:48rem] mx-auto max-w-(--thread-content-max-width) flex-1 group\/turn-messages focus-visible:outline-hidden relative flex w-full min-w-0 flex-col agent-turn\" tabindex=\"-1\">\n<div class=\"flex max-w-full flex-col grow\">\n<div class=\"min-h-8 text-message relative flex w-full flex-col items-end gap-2 text-start break-words whitespace-normal [.text-message+&amp;]:mt-1\" dir=\"auto\" data-message-author-role=\"assistant\" data-message-id=\"8c789493-3d45-4f80-8e3b-211344d5f2f4\" data-message-model-slug=\"gpt-5-mini\">\n<div class=\"flex w-full flex-col gap-1 empty:hidden first:pt-[1px]\">\n<div class=\"markdown prose dark:prose-invert w-full break-words light markdown-new-styling\">\n<p data-start=\"178\" data-end=\"477\"><strong>R\u00e9seau des M\u00e9dias de Proximit\u00e9<\/strong> (RMDP) benoemt<strong> Augustin Guissard<\/strong> tot nieuwe voorzitter, na een ruime meerderheid tijdens de vergadering van de Raad van Bestuur. Deze verkiezing onderstreept het vertrouwen in zijn ervaring, visie en vermogen om te verbinden.<\/p>\n<p data-start=\"479\" data-end=\"848\">Augustin Guissard brengt een divers parcours mee in de Belgische mediasector, met ervaring bij Sudinfo, Bouk\u00e8, NESprod en RTBF. Hij combineert journalistiek, audiovisuele productie en mediaconsulting en werkt momenteel als mediaconsulent, onder meer in politieke communicatie. Als bestuurder bij Bouk\u00e8 zetelde hij al in het RMDP en neemt nu de voorzittersrol op zich.<\/p>\n<p data-start=\"850\" data-end=\"1135\">Het RMDP-bestuur en de directie zien deze benoeming als een belangrijke stap in een periode van verandering voor lokale media, terwijl de sector grote uitdagingen en transformaties doormaakt.<\/p>\n<p data-start=\"1137\" data-end=\"1505\"><em data-start=\"1137\" data-end=\"1478\">&#8220;Ik ben vereerd met het vertrouwen dat mij gegeven wordt. Het RMDP verenigt gepassioneerde en bekwame leden. Ik wil deze krachten bundelen rond een gemeenschappelijk project en via constructieve dialoog deze hervorming doen slagen&#8221;<\/em>, aldus Augustin Guissard.<\/p>\n<p data-start=\"1507\" data-end=\"1709\">Bij de vernieuwing van zijn organen benoemde het RMDP ook twee nieuwe vicevoorzitters en de nieuwe leden van het Bureau. De volledige lijst van vertegenwoordigers is <a target=\"_blank\" rel=\"noopener\" href=\"https:\/\/www.mediasdeproximite.be\/wp-content\/uploads\/2025\/12\/rmdp-li.pdf\">hier<\/a> beschikbaar.<\/p>\n<\/div>\n<\/div>\n<\/div>\n<\/div>\n<\/div>\n<\/div>\n<\/article>\n","protected":false},"excerpt":{"rendered":"<p>Augustin Guissard is verkozen tot nieuwe voorzitter van R\u00e9seau des M\u00e9dias de Proximit\u00e9 (RMDP). Met zijn ervaring in journalistiek, audiovisuele productie en mediaconsulting zal hij de vereniging door een periode van verandering leiden.<\/p>\n","protected":false},"author":5775,"featured_media":304585,"comment_status":"closed","ping_status":"closed","sticky":false,"template":"","format":"standard","meta":{"_acf_changed":false,"_FSMCFIC_featured_image_caption":"Augustin Guissard, nieuwe voorzitter van RMDP. \u00a9 RMDP","_FSMCFIC_featured_image_nocaption":"","_FSMCFIC_featured_image_hide":"","footnotes":""},"categories":[5665],"tags":[31688,13423],"class_list":["post-304589","post","type-post","status-publish","format-standard","has-post-thumbnail","hentry","category-people-nl","tag-augustin-guissard-nl","tag-rmdp-reseau-des-medias-de-proximite-2","entry","cat-5665-id"],"acf":[],"aioseo_notices":[],"fimg_url":"https:\/\/be.themedialeader.com\/wp-content\/uploads\/2025\/12\/Augustin-Guissard.png","publishpress_future_action":{"enabled":false,"date":"2026-05-06 03:01:25","action":"change-status","newStatus":"draft","terms":[],"taxonomy":"category"},"_links":{"self":[{"href":"https:\/\/be.themedialeader.com\/nl\/wp-json\/wp\/v2\/posts\/304589"}],"collection":[{"href":"https:\/\/be.themedialeader.com\/nl\/wp-json\/wp\/v2\/posts"}],"about":[{"href":"https:\/\/be.themedialeader.com\/nl\/wp-json\/wp\/v2\/types\/post"}],"author":[{"embeddable":true,"href":"https:\/\/be.themedialeader.com\/nl\/wp-json\/wp\/v2\/users\/5775"}],"replies":[{"embeddable":true,"href":"https:\/\/be.themedialeader.com\/nl\/wp-json\/wp\/v2\/comments?post=304589"}],"version-history":[{"count":6,"href":"https:\/\/be.themedialeader.com\/nl\/wp-json\/wp\/v2\/posts\/304589\/revisions"}],"predecessor-version":[{"id":304638,"href":"https:\/\/be.themedialeader.com\/nl\/wp-json\/wp\/v2\/posts\/304589\/revisions\/304638"}],"wp:featuredmedia":[{"embeddable":true,"href":"https:\/\/be.themedialeader.com\/nl\/wp-json\/wp\/v2\/media\/304585"}],"wp:attachment":[{"href":"https:\/\/be.themedialeader.com\/nl\/wp-json\/wp\/v2\/media?parent=304589"}],"wp:term":[{"taxonomy":"category","embeddable":true,"href":"https:\/\/be.themedialeader.com\/nl\/wp-json\/wp\/v2\/categories?post=304589"},{"taxonomy":"post_tag","embeddable":true,"href":"https:\/\/be.themedialeader.com\/nl\/wp-json\/wp\/v2\/tags?post=304589"}],"curies":[{"name":"wp","href":"https:\/\/api.w.org\/{rel}","templated":true}]}}