{"id":303889,"date":"2025-12-04T09:00:29","date_gmt":"2025-12-04T08:00:29","guid":{"rendered":"https:\/\/be.themedialeader.com\/?p=303889"},"modified":"2025-12-04T11:18:33","modified_gmt":"2025-12-04T10:18:33","slug":"roularta-versterkt-commerciele-slagkracht-met-benoeming-van-thijs-naeyaert-tot-cco","status":"publish","type":"post","link":"https:\/\/be.themedialeader.com\/nl\/roularta-versterkt-commerciele-slagkracht-met-benoeming-van-thijs-naeyaert-tot-cco\/","title":{"rendered":"Roularta versterkt commerci\u00eble slagkracht met benoeming van Thijs Naeyaert tot CCO"},"content":{"rendered":"<p><strong>Roularta Media Group kondigt de benoeming aan van Thijs Naeyaert tot Chief Commercial Officer (CCO). In zijn nieuwe rol zal hij vanaf 1 januari 2026 de leiding nemen over alle lokale en nationale advertisingteams van Roularta in Belgi\u00eb en Nederland.<\/strong><\/p>\n<p>Deze strategische beslissing komt er in een tijd van grote veranderingen in de advertentiewereld, waarin merken en adverteerders steeds meer op zoek zijn naar ge\u00efntegreerde, creatieve en multimediale oplossingen.<\/p>\n<p>Door de commerci\u00eble teams in Belgi\u00eb en Nederland onder \u00e9\u00e9n leiding te brengen, wil Roularta haar klanten een nog sterker en meer samenhangend aanbod, inclusief content en data, bieden over alle platformen heen (print, digitaal, audio, video, tv en events).<\/p>\n<p>Thijs kan rekenen op de ruime ervaring, expertise en netwerk van <strong>Philippe Belpaire<\/strong> (Sales Director Roularta Advertising Belgi\u00eb) en <strong>Sam Bremer<\/strong> (Sales Director Roularta Advertising Nederland).<\/p>\n<p><strong>Xavier Bouckaert<\/strong> (CEO): <em>\u201cDe integratie van alle advertentieteams maakt het mogelijk om expertise en data te delen, innovatie te versnellen en adverteerders een uniek 360\u00b0-aanbod te bieden. Met Thijs aan het hoofd van onze commerci\u00eble organisatie zijn we perfect geplaatst om de kracht van ons volledige mediamerkportfolio maximaal te benutten.\u201d<\/em><\/p>\n<p>Thijs Naeyaert startte zijn loopbaan 18 jaar geleden bij Roularta als Account Manager bij Roularta Local Media in Roeselare. Sindsdien kende hij een mooie groei: Directeur Midden West-Vlaanderen, Provinciedirecteur West-Vlaanderen, Regiodirecteur West- en Oost-Vlaanderen, Commercieel Directeur Roularta Local Media &amp; Algemeen Directeur Krant van West-Vlaanderen en uiteindelijk Algemeen Directeur Roularta Local Media.<\/p>\n<p>Thijs Naeyaert: <em>\u201cDe kracht van Roularta zit in onze sterke merken, onze betrouwbare context, onze ge\u00ebngageerde communities en onze talentvolle mensen. Door onze commerci\u00eble expertise te bundelen, kunnen we klanten nog beter begeleiden met creatieve en impactvolle multimediale campagnes die echt werken en activeren.\u201d<\/em><\/p>\n","protected":false},"excerpt":{"rendered":"<p>Roularta Media Group kondigt de benoeming aan van Thijs Naeyaert tot Chief Commercial Officer (CCO). In zijn nieuwe rol zal hij vanaf 1 januari 2026 de leiding nemen over alle lokale en nationale advertisingteams van Roularta in Belgi\u00eb en Nederland.<\/p>\n","protected":false},"author":5776,"featured_media":303890,"comment_status":"closed","ping_status":"closed","sticky":false,"template":"","format":"standard","meta":{"_acf_changed":false,"_FSMCFIC_featured_image_caption":"Vanaf januari 2026 is Thijs Naeyaert Chief Commercial Officer van Roularta. \u00a9 Roularta Media Group","_FSMCFIC_featured_image_nocaption":"","_FSMCFIC_featured_image_hide":"","footnotes":""},"categories":[5665],"tags":[5711,5712,6401,5721,31621,6402,5737],"class_list":["post-303889","post","type-post","status-publish","format-standard","has-post-thumbnail","hentry","category-people-nl","tag-philippe-belpaire","tag-roularta-advertising","tag-roularta-local-media","tag-roularta-media-group","tag-sam-bremer","tag-thijs-naeyaert","tag-xavier-bouckaert","entry","cat-5665-id"],"acf":[],"aioseo_notices":[],"fimg_url":"https:\/\/be.themedialeader.com\/wp-content\/uploads\/2025\/12\/Thijs-Naeyaert.png","publishpress_future_action":{"enabled":false,"date":"2026-05-06 03:01:49","action":"change-status","newStatus":"draft","terms":[],"taxonomy":"category"},"_links":{"self":[{"href":"https:\/\/be.themedialeader.com\/nl\/wp-json\/wp\/v2\/posts\/303889"}],"collection":[{"href":"https:\/\/be.themedialeader.com\/nl\/wp-json\/wp\/v2\/posts"}],"about":[{"href":"https:\/\/be.themedialeader.com\/nl\/wp-json\/wp\/v2\/types\/post"}],"author":[{"embeddable":true,"href":"https:\/\/be.themedialeader.com\/nl\/wp-json\/wp\/v2\/users\/5776"}],"replies":[{"embeddable":true,"href":"https:\/\/be.themedialeader.com\/nl\/wp-json\/wp\/v2\/comments?post=303889"}],"version-history":[{"count":1,"href":"https:\/\/be.themedialeader.com\/nl\/wp-json\/wp\/v2\/posts\/303889\/revisions"}],"predecessor-version":[{"id":303892,"href":"https:\/\/be.themedialeader.com\/nl\/wp-json\/wp\/v2\/posts\/303889\/revisions\/303892"}],"wp:featuredmedia":[{"embeddable":true,"href":"https:\/\/be.themedialeader.com\/nl\/wp-json\/wp\/v2\/media\/303890"}],"wp:attachment":[{"href":"https:\/\/be.themedialeader.com\/nl\/wp-json\/wp\/v2\/media?parent=303889"}],"wp:term":[{"taxonomy":"category","embeddable":true,"href":"https:\/\/be.themedialeader.com\/nl\/wp-json\/wp\/v2\/categories?post=303889"},{"taxonomy":"post_tag","embeddable":true,"href":"https:\/\/be.themedialeader.com\/nl\/wp-json\/wp\/v2\/tags?post=303889"}],"curies":[{"name":"wp","href":"https:\/\/api.w.org\/{rel}","templated":true}]}}