{"id":303772,"date":"2025-12-02T09:29:05","date_gmt":"2025-12-02T08:29:05","guid":{"rendered":"https:\/\/be.themedialeader.com\/?p=303772"},"modified":"2025-12-02T14:10:34","modified_gmt":"2025-12-02T13:10:34","slug":"nieuwe-strategische-richting-en-organisatie-indeling-bij-dpg-media","status":"publish","type":"post","link":"https:\/\/be.themedialeader.com\/nl\/nieuwe-strategische-richting-en-organisatie-indeling-bij-dpg-media\/","title":{"rendered":"Nieuwe strategische richting en organisatie-indeling bij DPG Media"},"content":{"rendered":"<div class=\"HeaderRenderer_renderer__qMSoA\">\n<section class=\"prezly-slate-document\" data-version=\"0.50\">\n<p class=\"prezly-slate-heading prezly-slate-heading--heading-1 prezly-slate-heading--align-inherit\"><strong>DPG Media<\/strong> heeft de nieuwe strategie en organisatiestructuur gepresenteerd, waarmee de transformatie na de overname van <strong>RTL Nederland<\/strong> officieel van start gaat. Het mediabedrijf verschuift hiermee van een primair publishingbedrijf naar een ge\u00efntegreerd publishing \u00e9n audiovisueel bedrijf.<\/p>\n<\/section>\n<\/div>\n<div class=\"ContentRenderer_renderer__IBbst\">\n<section class=\"prezly-slate-document\" data-version=\"0.50\">\n<p class=\"styles_paragraph__6o_o7\"><strong>Erik Roddenhof<\/strong>, CEO van DPG Media:<em>\u00a0&#8220;Dit is het begin van een nieuw tijdperk voor onze organisatie. De nieuwe topstructuur is essentieel om onze ambitie te realiseren: leidend worden in streaming entertainment, digitale nieuwsvoorziening en consumentenadvies. Dat doen we met de beste verhalen en programma\u2019s, aangeboden via gebruiksvriendelijke platformen, binnen ons onafhankelijk netwerk van kwalitatieve mediamerken.&#8221;\u00a0<\/em>Roddenhof benadrukt dat DPG Media alle mediatypes koestert:\u00a0<em>&#8220;We blijven ook onze meer traditionele media ontwikkelen om ze relevant en toegankelijk te houden voor zowel de consument als de adverteerder.\u201d<\/em><\/p>\n<h3 class=\"styles_paragraph__6o_o7\"><strong>Drie business units voor maximale slagkracht<\/strong><\/h3>\n<p class=\"styles_paragraph__6o_o7\">Om schaalvoordelen te benutten en flexibeler in te spelen op de veranderende behoeften van streamers, kijkers, luisteraars, lezers en adverteerders, wordt de organisatie opgedeeld in drie business units: Audio &amp; Video, Nieuwsmedia &amp; Magazines en Online Services. Deze worden ondersteund door centrale afdelingen als Advertising, Technology en Staff.<\/p>\n<p class=\"styles_paragraph__6o_o7\"><strong>1. Audio &amp; Video<\/strong><\/p>\n<p class=\"styles_paragraph__6o_o7\">Deze business unit wordt geleid door <strong>Sven Sauv\u00e9<\/strong> die eindverantwoordelijk is voor de twee lokale Audio &amp; Video-organisaties in Belgi\u00eb en Nederland. De focus ligt op het ontwikkelen van een succesvolle, leidende streamingdienst met de beste lokale series en programma\u2019s.<\/p>\n<p class=\"styles_paragraph__6o_o7\"><strong>Dirk Lodewyckx<\/strong> geeft leiding aan de Audio &amp; Video-directie in Belgi\u00eb en wordt eveneens verantwoordelijk voor de Radio-organisatie in zowel Belgi\u00eb als Nederland. <strong>Peter van der Vorst<\/strong> krijgt in de video-organisatie de overall verantwoordelijkheid voor content en programmering in Belgi\u00eb en Nederland, waarbij de lokale verankering wordt gewaarborgd door twee contentdirecteuren in beide landen. <strong>Davy Parmentier<\/strong> wordt directeur content in Belgi\u00eb.<\/p>\n<p class=\"styles_paragraph__6o_o7\">Het spreekt voor zich dat de nieuwe structuur geen impact zal hebben op het Vlaamse karakter van merken als VTM. Integendeel, de focus blijft liggen op het maken van typisch Vlaamse content.\u00a0\u200b<\/p>\n<p class=\"styles_paragraph__6o_o7\">Dirk Lodewyckx, CEO VTM &#8211; Qmusic &#8211; JOE:\u00a0<em>\u201cNatuurlijk gaan wij de Vlaamse kwalitatieve content blijven aanbieden die de kijkers van ons verwachten. Dat is wat ons onderscheidt in de huidige uitdagende markt. De samenwerking met Nederland biedt vooral kansen om sterker te staan op het vlak van technologie, innovatie en schaalvoordelen, zonder de eigenheid van onze Vlaamse merken uit het oog te verliezen.\u201d<\/em><\/p>\n<p class=\"styles_paragraph__6o_o7\"><strong>2. Nieuwsmedia &amp; Magazines<\/strong><\/p>\n<p class=\"styles_paragraph__6o_o7\"><strong>Bert Willemsen<\/strong> wordt eindverantwoordelijk voor deze unit. De ambitie is om in Belgi\u00eb en Nederland te groeien in dagelijks gebruik, digitale abonnees en advertentie-inkomsten. Dit is cruciaal om de toekomst van de redacties te waarborgen en structureel bij te dragen aan een rijk en pluriform medialandschap. Binnen Nederland neemt <strong>Kamilla Leupen<\/strong> de nieuwsmedia onder haar hoede en blijft <strong>Joyce Nieuwenhuijs<\/strong> verantwoordelijk voor de magazines. In Belgi\u00eb worden de nieuwsmedia geleid door <strong>Nicholas Lataire<\/strong>.<\/p>\n<p class=\"styles_paragraph__6o_o7\"><strong>3. Online Services<\/strong><\/p>\n<p class=\"styles_paragraph__6o_o7\">Deze business unit, geleid door <strong>Felix Tenniglo<\/strong>, richt zich op de groei van online service-merken die consumenten begeleiden, adviseren en inspireren bij grote of complexe uitgaven. Ook Special Interest Media (SIM), zoals Tweakers en vtwonen, wordt hierin opgenomen om het aanbod te verbreden.<\/p>\n<h3 class=\"styles_paragraph__6o_o7\"><strong>Advertentiestructuur: drie regies en \u00e9\u00e9n inkoopplatform<\/strong><\/h3>\n<p class=\"styles_paragraph__6o_o7\">DPG Media heeft de ambitie om <strong>Ad Manager<\/strong> uit te bouwen tot h\u00e9t leidende advertentie inkoopplatform voor alle kwalitatieve media (display, video en audio) in Belgi\u00eb en Nederland. De advertisingorganisatie werkt met drie losse reclameregies in Belgi\u00eb en Nederland die onderling samenwerken en rapporteren aan de desbetreffende business unit-directeuren.<\/p>\n<p class=\"styles_paragraph__6o_o7\">Het salesteam van Radio in Nederland integreert in Ad Alliance onder leiding van <strong>Ton Rozestraten<\/strong>. <strong>Barbara Hazenberg<\/strong> stuurt de publishing advertising (print &amp; digital) in Nederland aan en <strong>Wim Jansen<\/strong> leidt de Belgische advertising-activiteiten.<\/p>\n<\/section>\n<\/div>\n","protected":false},"excerpt":{"rendered":"<p>DPG Media start na de RTL-overname met een nieuwe strategie en structuur. Het bedrijf evolueert naar een ge\u00efntegreerde publishing- en audiovisuele organisatie met drie units (Audio &#038; Video, Nieuwsmedia &#038; Magazines en Online Services) om groei, innovatie en schaalvoordeel te realiseren.<\/p>\n","protected":false},"author":5775,"featured_media":303773,"comment_status":"closed","ping_status":"closed","sticky":false,"template":"","format":"standard","meta":{"_acf_changed":false,"_FSMCFIC_featured_image_caption":"Dirk Lodewyckx en Sven Sauv\u00e9 in het kader van DPG Media\u2019s nieuwe organisatiestructuur \u00a9 DPG Media","_FSMCFIC_featured_image_nocaption":"","_FSMCFIC_featured_image_hide":"","footnotes":""},"categories":[5664],"tags":[6822,5966,5718,5859,7302,7546,6192],"class_list":["post-303772","post","type-post","status-publish","format-standard","has-post-thumbnail","hentry","category-media-nl","tag-ad-manager","tag-dirk-lodewyckx","tag-dpg-media","tag-erik-roddenhof","tag-rtl-nederland","tag-sven-sauve","tag-wim-jansen","entry","cat-5664-id"],"acf":[],"aioseo_notices":[],"fimg_url":"https:\/\/be.themedialeader.com\/wp-content\/uploads\/2025\/12\/nieuwe-top-dpg-.png","publishpress_future_action":{"enabled":false,"date":"2026-05-06 01:55:18","action":"change-status","newStatus":"draft","terms":[],"taxonomy":"category"},"_links":{"self":[{"href":"https:\/\/be.themedialeader.com\/nl\/wp-json\/wp\/v2\/posts\/303772"}],"collection":[{"href":"https:\/\/be.themedialeader.com\/nl\/wp-json\/wp\/v2\/posts"}],"about":[{"href":"https:\/\/be.themedialeader.com\/nl\/wp-json\/wp\/v2\/types\/post"}],"author":[{"embeddable":true,"href":"https:\/\/be.themedialeader.com\/nl\/wp-json\/wp\/v2\/users\/5775"}],"replies":[{"embeddable":true,"href":"https:\/\/be.themedialeader.com\/nl\/wp-json\/wp\/v2\/comments?post=303772"}],"version-history":[{"count":5,"href":"https:\/\/be.themedialeader.com\/nl\/wp-json\/wp\/v2\/posts\/303772\/revisions"}],"predecessor-version":[{"id":303786,"href":"https:\/\/be.themedialeader.com\/nl\/wp-json\/wp\/v2\/posts\/303772\/revisions\/303786"}],"wp:featuredmedia":[{"embeddable":true,"href":"https:\/\/be.themedialeader.com\/nl\/wp-json\/wp\/v2\/media\/303773"}],"wp:attachment":[{"href":"https:\/\/be.themedialeader.com\/nl\/wp-json\/wp\/v2\/media?parent=303772"}],"wp:term":[{"taxonomy":"category","embeddable":true,"href":"https:\/\/be.themedialeader.com\/nl\/wp-json\/wp\/v2\/categories?post=303772"},{"taxonomy":"post_tag","embeddable":true,"href":"https:\/\/be.themedialeader.com\/nl\/wp-json\/wp\/v2\/tags?post=303772"}],"curies":[{"name":"wp","href":"https:\/\/api.w.org\/{rel}","templated":true}]}}