{"id":302985,"date":"2025-11-18T09:50:07","date_gmt":"2025-11-18T08:50:07","guid":{"rendered":"https:\/\/be.themedialeader.com\/?p=302985"},"modified":"2026-04-16T13:21:23","modified_gmt":"2026-04-16T11:21:23","slug":"luisteren-is-het-nieuwe-lezen-jo-nachtergaele-over-mediahuis-audio-initiatief-en-instap-in-het-cim-audio-on-demand-onderzoek","status":"publish","type":"post","link":"https:\/\/be.themedialeader.com\/nl\/luisteren-is-het-nieuwe-lezen-jo-nachtergaele-over-mediahuis-audio-initiatief-en-instap-in-het-cim-audio-on-demand-onderzoek\/","title":{"rendered":"&#8220;Luisteren is het nieuwe lezen\u201d \u2013 Jo Nachtergaele over Mediahuis\u2019 audio-initiatief en instap in het CIM Audio on Demand-onderzoek"},"content":{"rendered":"<p><strong>Mediahuis gelooft sterk in de kracht van audio. Met de oprichting van Audiohuis Belgi\u00eb \u00e9n de deelname aan het CIM Audio on Demand-onderzoek, toont het mediabedrijf zijn betrokkenheid bij de Vlaamse podcastwereld. \u201cOnze lezers worden steeds vaker ook luisteraars, en dat willen we omarmen\u201d, zegt Jo Nachtergaele, die binnen Mediahuis meewerkt aan de uitrol van de audiostrategie. We gingen in gesprek met Jo over de instap in het CIM AoD-onderzoek (waarvan <a target=\"_blank\" rel=\"noopener\" href=\"https:\/\/www.cim.be\/nl\/audioondemand\">de\u00a0cijfers van oktober<\/a> vandaag werden bekendgemaakt), de groei van podcasts en de rol van audio binnen de bredere strategie van Mediahuis.\u00a0<\/strong><\/p>\n<p><b><span data-contrast=\"auto\">Wat is Audiohuis en welke rol speelt het binnen Mediahuis sinds de oprichting dit jaar?<\/span><\/b><span data-ccp-props=\"{&quot;134233117&quot;:false,&quot;134233118&quot;:false,&quot;201341983&quot;:0,&quot;335559738&quot;:240,&quot;335559739&quot;:240,&quot;335559740&quot;:278}\">\u00a0<\/span><\/p>\n<p><b><span data-contrast=\"auto\">Jo Nachtergaele<\/span><\/b><span data-contrast=\"auto\">: Audiohuis is onderdeel van de Mediahuis-groep en bestond al in Nederland en Ierland, nu dus ook in Belgi\u00eb. Het is de koepel, waarin we in eerste instantie alle initiatieven rond audio-on-demand bundelen; met Audiohuis Belgi\u00eb zijn we dus publisher, productiehuis, saleshuis \u00e9n onderdeel van het europese Audiohuis-netwerk. Op dit ogenblik bereiken we internationaal zo\u2019n 17 miljoen luisteraars per maand. Qua bereik kan dat al tellen. Het netwerk laat ons ook toe om nieuwe formats te ontwikkelen, samenwerkingen op te zetten, partners aan te trekken en onze commerci\u00eble slagkracht uit te bouwen.<\/span><span data-ccp-props=\"{&quot;134233117&quot;:false,&quot;134233118&quot;:false,&quot;201341983&quot;:0,&quot;335559738&quot;:240,&quot;335559739&quot;:240,&quot;335559740&quot;:278}\">\u00a0<\/span><\/p>\n<p><b><span data-contrast=\"auto\">Het is een jaar van veranderingen bij Mediahuis, onder andere omdat jullie voor het eerst deelnemen aan het CIM Audio on Demand-onderzoek. Waarom was dit zo belangrijk voor jullie?<\/span><\/b><span data-ccp-props=\"{&quot;134233117&quot;:false,&quot;134233118&quot;:false,&quot;201341983&quot;:0,&quot;335559738&quot;:240,&quot;335559739&quot;:240,&quot;335559740&quot;:278}\">\u00a0<\/span><\/p>\n<p><b><span data-contrast=\"auto\">Nachtergaele:<\/span><\/b><span data-contrast=\"auto\"> De belangrijkste motivatie was de wens om een brug te slaan naar de adverteerdersmarkt. Uiteraard hebben we interne cijfers en rapporteringstools maar die worden toch vooral gebruikt voor redactionele en marketing-benchmarks. Aangezien onze ambitie met audio-on-demand groeit, wordt ook de nood om daar inkomsten mee te genereren groter. Dan moet je werken met de instrumenten waarmee adverteerders vertrouwd zijn. Daarom stapten we bij het CIM in.<\/span><span data-ccp-props=\"{&quot;134233117&quot;:false,&quot;134233118&quot;:false,&quot;201341983&quot;:0,&quot;335559738&quot;:0,&quot;335559739&quot;:160,&quot;335559740&quot;:278}\">\u00a0<\/span><\/p>\n<p><span class=\"TextRun SCXW50800955 BCX8\" lang=\"NL\" xml:lang=\"NL\" data-contrast=\"auto\"><span class=\"NormalTextRun SCXW50800955 BCX8\">We zijn uiteraard heel blij met onze \u201centree\u201d en de podcast-cijfers voor oktober. Als \u201cBroadcaster\u201d komen we met Mediahuis meteen binnen op nummer 2. Van onze 5 \u201cBrands\u201d staan er 2 in de top<\/span><span class=\"NormalTextRun SCXW50800955 BCX8\">\u00a0<\/span><span class=\"NormalTextRun SCXW50800955 BCX8\">10 en 4 in de top<\/span><span class=\"NormalTextRun SCXW50800955 BCX8\">\u00a0<\/span><span class=\"NormalTextRun SCXW50800955 BCX8\">20 en bij \u201cPrograms\u201d, zeg maar onze podcastreeksen zelf, komen we met<\/span><\/span><em><span class=\"TextRun SCXW50800955 BCX8\" lang=\"NL\" xml:lang=\"NL\" data-contrast=\"auto\"><span class=\"NormalTextRun SCXW50800955 BCX8\">\u00a0<\/span><span class=\"NormalTextRun SCXW50800955 BCX8\">D<\/span><span class=\"NormalTextRun SCXW50800955 BCX8\">S Vandaag<\/span><\/span><\/em><span class=\"TextRun SCXW50800955 BCX8\" lang=\"NL\" xml:lang=\"NL\" data-contrast=\"auto\"><span class=\"NormalTextRun SCXW50800955 BCX8\"><em>\u00a0<\/em>binnen op plaats 3,\u00a0<\/span><\/span><em><span class=\"TextRun SCXW50800955 BCX8\" lang=\"NL\" xml:lang=\"NL\" data-contrast=\"auto\"><span class=\"NormalTextRun SCXW50800955 BCX8\">Stemmen van Assisen<\/span><\/span><\/em><span class=\"TextRun SCXW50800955 BCX8\" lang=\"NL\" xml:lang=\"NL\" data-contrast=\"auto\"><span class=\"NormalTextRun SCXW50800955 BCX8\">\u00a0staat op 4 en we hebben maar liefst 5 podcastreeksen in de top<\/span><span class=\"NormalTextRun SCXW50800955 BCX8\">\u00a0<\/span><span class=\"NormalTextRun SCXW50800955 BCX8\">20. Dat verdient een dikke pluim voor al onze podcast-makers. En los van dit uitstekende rapport is het goed nieuws voor alle adverteerders dat Mediahuis nu geen blinde vlek meer is in de CIM-AOD studie.<\/span><\/span><span class=\"EOP SCXW50800955 BCX8\" data-ccp-props=\"{&quot;134233117&quot;:false,&quot;134233118&quot;:false,&quot;201341983&quot;:0,&quot;335551550&quot;:0,&quot;335551620&quot;:0,&quot;335559738&quot;:0,&quot;335559739&quot;:160,&quot;335559740&quot;:278}\">\u00a0<\/span><\/p>\n<p><b><span data-contrast=\"auto\">Is er al een commerci\u00eble impact merkbaar?<\/span><\/b><span data-ccp-props=\"{&quot;134233117&quot;:false,&quot;134233118&quot;:false,&quot;201341983&quot;:0,&quot;335559738&quot;:240,&quot;335559739&quot;:240,&quot;335559740&quot;:278}\">\u00a0<\/span><\/p>\n<p><b><span data-contrast=\"auto\">Nachtergaele<\/span><\/b><span data-contrast=\"auto\">: De advertising-markt voor podcasts is nog jong in Belgi\u00eb, maar de belangstelling groeit snel. Onze instap in het CIM AoD-onderzoek past in dat kader. Adverteerders en mediacentrales hebben nu makkelijk toegang tot onze cijfers, en die mogen best gezien worden. Dat maakt het voor hen hopelijk makkelijker om ook in onze podcasts te investeren. En het helpt ons intern om campagnes beter te evalueren en gesprekken met merken professioneler te voeren.<\/span><span data-ccp-props=\"{&quot;134233117&quot;:false,&quot;134233118&quot;:false,&quot;201341983&quot;:0,&quot;335559738&quot;:240,&quot;335559739&quot;:240,&quot;335559740&quot;:278}\">\u00a0<\/span><\/p>\n<p><b><span data-contrast=\"auto\">Hoe ziet de markt voor podcast advertising er vandaag uit?<\/span><\/b><span data-ccp-props=\"{&quot;134233117&quot;:false,&quot;134233118&quot;:false,&quot;201341983&quot;:0,&quot;335559738&quot;:240,&quot;335559739&quot;:240,&quot;335559740&quot;:278}\">\u00a0<\/span><\/p>\n<p><b><span data-contrast=\"auto\">Nachtergaele:<\/span><\/b><span data-contrast=\"auto\"> Er zijn eigenlijk heel veel mogelijkheden om te adverteren in en rond podcasts. Maar gewoonlijk zijn er twee niveaus waarop campagnes worden opgezet. Je hebt de klassieke Run of Network-campagnes:\u00a0 die worden voor ons door Var verkocht. En dan heb je de Creative Partnerships, waarbij we kunnen focussen op een inhoudelijke match of integraties bij bepaalde podcasts. Die partnerships verkopen we zelf omdat ze nu eenmaal zo verweven zijn met de content zelf.\u00a0<\/span><span data-ccp-props=\"{&quot;134233117&quot;:false,&quot;134233118&quot;:false,&quot;201341983&quot;:0,&quot;335559738&quot;:240,&quot;335559739&quot;:240,&quot;335559740&quot;:278}\">\u00a0<\/span><\/p>\n<p><span data-contrast=\"auto\">En dan heb je nog de echt Branded Content: adverteerders of organisaties die met een eigen podcast communiceren. Dat is een tijdje een hype geweest&#8230; iedereen wilde een eigen podcast produceren, gewoon om er eentje te hebben. Nu is branded content meer onderdeel geworden van een bredere audiostrategie. Merken denken niet alleen aan \u00e9\u00e9n podcast, maar aan hoe audio past in hun totale communicatie, employer branding of communitywerking. De beste cases zijn die waar het verhaal \u00e9cht klopt en niet geforceerd aanvoelt.<\/span><span data-ccp-props=\"{&quot;134233117&quot;:false,&quot;134233118&quot;:false,&quot;201341983&quot;:0,&quot;335559738&quot;:240,&quot;335559739&quot;:240,&quot;335559740&quot;:278}\">\u00a0<\/span><\/p>\n<p><span data-contrast=\"auto\">Daarnaast zien we dat\u00a0<\/span><i><span data-contrast=\"auto\">vidcasts<\/span><\/i><span data-contrast=\"auto\">, podcasts met video, steeds populairder worden. Dat geldt voor alle aanbieders; ook wij merken dat: onze podcast\u00a0<\/span><i><span data-contrast=\"auto\">Ongefilterd<\/span><\/i><b><i><span data-contrast=\"auto\">\u00a0<\/span><\/i><\/b><i><span data-contrast=\"auto\">Moederschap<\/span><\/i><span data-contrast=\"auto\"> haalde dit voorjaar bij het eerste seizoen 80.000 luisteraars per aflevering en op YouTube kwamen daar nog eens 200.000 kijkers bij. Dat zal voor de sector en voor het CIM best een uitdaging worden hoe daarover gerapporteerd moet worden.<\/span><span data-ccp-props=\"{&quot;134233117&quot;:false,&quot;134233118&quot;:false,&quot;201341983&quot;:0,&quot;335559738&quot;:0,&quot;335559739&quot;:160,&quot;335559740&quot;:278}\">\u00a0<\/span><\/p>\n<p><b><span data-contrast=\"auto\">Met deze groeiende aandacht voor audio en video past het naadloos bij jullie recente initiatief: het platform<\/span><\/b><b><i><span data-contrast=\"auto\">\u00a0Luister<\/span><\/i><\/b><b><span data-contrast=\"auto\">. Wat is de bedoeling daarvan?<\/span><\/b><span data-ccp-props=\"{&quot;134233117&quot;:false,&quot;134233118&quot;:false,&quot;201341983&quot;:0,&quot;335559738&quot;:240,&quot;335559739&quot;:240,&quot;335559740&quot;:278}\">\u00a0<\/span><\/p>\n<p><b><span data-contrast=\"auto\">Nachtergaele<\/span><\/b><span data-contrast=\"auto\">:<\/span><i><span data-contrast=\"auto\">\u00a0Luister<\/span><\/i><span data-contrast=\"auto\"> is eigenlijk een logisch vervolg op hoe mediagebruik evolueert. Het is in de eerste plaats een redactioneel project voor onze lezers, die steeds talrijker en intensiever ook luisteraars worden. In de \u201cLuister\u201d-omgeving van je kranten-app kun je nu volledige artikels ook beluisteren, als abonnee krijg je ook een aantal luisterboeken aangeboden, en natuurlijk kan je daar je favoriete podcasts terugvinden \u00e9n een aantal nieuwe reeksen die enkel via \u201cLuister\u201d te horen zijn. Podcasts van je eigen krant \u00e9n van de zusterkranten uit de Mediahuis-groep.\u00a0 Zo kunnen we audio ook inzetten voor werving en retentie van abonnees. <\/span><span data-ccp-props=\"{&quot;134233117&quot;:false,&quot;134233118&quot;:false,&quot;201341983&quot;:0,&quot;335559738&quot;:240,&quot;335559739&quot;:240,&quot;335559740&quot;:278}\">\u00a0<\/span><\/p>\n<p><b><span data-contrast=\"auto\">Met deze sterke groei van podcasts rijst natuurlijk de vraag: betekent dit het einde van radio?<\/span><\/b><span data-ccp-props=\"{&quot;134233117&quot;:false,&quot;134233118&quot;:false,&quot;201341983&quot;:0,&quot;335559738&quot;:240,&quot;335559739&quot;:240,&quot;335559740&quot;:278}\">\u00a0<\/span><\/p>\n<p><b><span data-contrast=\"auto\">Nachtergaele:<\/span><\/b><span data-contrast=\"auto\"> Nee, helemaal niet.\u00a0Ons luistergedrag verandert, net als ons kijkgedrag,\u00a0\u00a0maar radio zal niet verdwijnen. Er blijft altijd een nood aan een livegevoel, aan iets dat n\u00fa gebeurt. Ook de audiomarkt zal evolueren naar \u00e9\u00e9n ge\u00efntegreerd geheel, waarin radio, podcasts en digitale zenders naast elkaar bestaan en elkaar versterken. Mensen maken dat onderscheid niet zo bewust; ze luisteren gewoon, soms live, soms on-demand. Daarom is het belangrijk dat wij als mediagroep al die vormen van audio aanbieden.<\/span><span data-ccp-props=\"{&quot;134233117&quot;:false,&quot;134233118&quot;:false,&quot;201341983&quot;:0,&quot;335559738&quot;:240,&quot;335559739&quot;:240,&quot;335559740&quot;:278}\">\u00a0<\/span><\/p>\n<p><b><span data-contrast=\"auto\">Tot slot: wat is de ambitie van Mediahuis op lange termijn in audio?<\/span><\/b><span data-ccp-props=\"{&quot;134233117&quot;:false,&quot;134233118&quot;:false,&quot;201341983&quot;:0,&quot;335559738&quot;:0,&quot;335559739&quot;:160,&quot;335559740&quot;:278}\">\u00a0<\/span><\/p>\n<p><b><span data-contrast=\"auto\">Nachtergaele:<\/span><\/b><span data-contrast=\"auto\"> In de eerste plaats willen wij onze lezers en nu ook luisteraars bedienen met de best mogelijke content, op vlak van informatie maar ook inspiratie en entertainment. Daarnaast willen we groeien op audio-vlak: met \u201cLuister\u201d voor onze kranten, met ons portfolio aan podcastmerken en uiteraard ook op vlak van monetizering. Goeie journalistiek of entertainment brengen kost geld en het zou fijn zijn als we ook op audio-vlak onze fair share kunnen binnenhalen qua inkomsten. En dat het liefst met wat we goed kunnen: verhalen brengen, in audio, tekst of video, verhalen die boeien en die mensen raken of verbinden.<\/span><span data-ccp-props=\"{&quot;134233117&quot;:false,&quot;134233118&quot;:false,&quot;201341983&quot;:0,&quot;335559738&quot;:240,&quot;335559739&quot;:240,&quot;335559740&quot;:278}\">\u00a0<\/span><\/p>\n<p><b><span data-contrast=\"auto\">Oproep voor onafhankelijke spelers<\/span><\/b><span data-ccp-props=\"{&quot;134233117&quot;:false,&quot;134233118&quot;:false,&quot;201341983&quot;:0,&quot;335559738&quot;:240,&quot;335559739&quot;:240,&quot;335559740&quot;:278}\">\u00a0<\/span><\/p>\n<p><span data-contrast=\"auto\">Het CIM Audio on Demand-onderzoek staat open voor alle spelers in de Belgische podcastwereld, van grote mediabedrijven tot onafhankelijke makers. Deelname levert objectieve cijfers over je luisterpubliek, helpt je content beter te sturen en versterkt de positie van audio als volwaardig medium. Onafhankelijke spelers die ook graag in de AoD-rankings willen verschijnen, zijn steeds welkom om contact op te nemen met het CIM via <\/span><a target=\"_blank\" rel=\"noopener\" href=\"mailto:radio@cim.be\"><b><span data-contrast=\"none\">radio@cim.be<\/span><\/b><\/a><span data-contrast=\"auto\">.<\/span><span data-ccp-props=\"{&quot;134233117&quot;:false,&quot;134233118&quot;:false,&quot;201341983&quot;:0,&quot;335559738&quot;:240,&quot;335559739&quot;:240,&quot;335559740&quot;:278}\">\u00a0<\/span><\/p>\n","protected":false},"excerpt":{"rendered":"<p>Mediahuis investeert sterk in audio met Audiohuis Belgi\u00eb en deelname aan het CIM AoD-onderzoek. We spraken met Jo Nachtergaele over hun audiostrategie, de groei van podcasts en de commerci\u00eble kansen.<\/p>\n","protected":false},"author":5775,"featured_media":302989,"comment_status":"closed","ping_status":"closed","sticky":false,"template":"","format":"standard","meta":{"_acf_changed":false,"_FSMCFIC_featured_image_caption":"","_FSMCFIC_featured_image_nocaption":"","_FSMCFIC_featured_image_hide":"","footnotes":""},"categories":[5664],"tags":[7419,5657,7315,6165,5726],"class_list":["post-302985","post","type-post","status-publish","format-standard","has-post-thumbnail","hentry","category-media-nl","tag-audiohuis","tag-cim-2","tag-cim-audio-on-demand","tag-jo-nachtergaele","tag-mediahuis","entry","cat-5664-id"],"acf":[],"aioseo_notices":[],"fimg_url":"https:\/\/be.themedialeader.com\/wp-content\/uploads\/2025\/11\/Jo-Nachtergaele-.png","publishpress_future_action":{"enabled":false,"date":"2026-05-07 05:32:56","action":"change-status","newStatus":"draft","terms":[],"taxonomy":"category"},"_links":{"self":[{"href":"https:\/\/be.themedialeader.com\/nl\/wp-json\/wp\/v2\/posts\/302985"}],"collection":[{"href":"https:\/\/be.themedialeader.com\/nl\/wp-json\/wp\/v2\/posts"}],"about":[{"href":"https:\/\/be.themedialeader.com\/nl\/wp-json\/wp\/v2\/types\/post"}],"author":[{"embeddable":true,"href":"https:\/\/be.themedialeader.com\/nl\/wp-json\/wp\/v2\/users\/5775"}],"replies":[{"embeddable":true,"href":"https:\/\/be.themedialeader.com\/nl\/wp-json\/wp\/v2\/comments?post=302985"}],"version-history":[{"count":15,"href":"https:\/\/be.themedialeader.com\/nl\/wp-json\/wp\/v2\/posts\/302985\/revisions"}],"predecessor-version":[{"id":303115,"href":"https:\/\/be.themedialeader.com\/nl\/wp-json\/wp\/v2\/posts\/302985\/revisions\/303115"}],"wp:featuredmedia":[{"embeddable":true,"href":"https:\/\/be.themedialeader.com\/nl\/wp-json\/wp\/v2\/media\/302989"}],"wp:attachment":[{"href":"https:\/\/be.themedialeader.com\/nl\/wp-json\/wp\/v2\/media?parent=302985"}],"wp:term":[{"taxonomy":"category","embeddable":true,"href":"https:\/\/be.themedialeader.com\/nl\/wp-json\/wp\/v2\/categories?post=302985"},{"taxonomy":"post_tag","embeddable":true,"href":"https:\/\/be.themedialeader.com\/nl\/wp-json\/wp\/v2\/tags?post=302985"}],"curies":[{"name":"wp","href":"https:\/\/api.w.org\/{rel}","templated":true}]}}