{"id":302608,"date":"2025-11-05T15:55:17","date_gmt":"2025-11-05T14:55:17","guid":{"rendered":"https:\/\/be.themedialeader.com\/?p=302608"},"modified":"2025-11-06T11:02:16","modified_gmt":"2025-11-06T10:02:16","slug":"carrefour-belgie-transformeert-zijn-promotieproces-met-steun-van-addretail","status":"publish","type":"post","link":"https:\/\/be.themedialeader.com\/nl\/carrefour-belgie-transformeert-zijn-promotieproces-met-steun-van-addretail\/","title":{"rendered":"Carrefour transformeert zijn promotieproces met steun van AddRetail"},"content":{"rendered":"<p data-start=\"82\" data-end=\"349\"><strong data-start=\"82\" data-end=\"102\">Carrefour Belgi\u00eb<\/strong> heeft, met ondersteuning van het bureau<strong data-start=\"135\" data-end=\"155\"> AddRetail<\/strong>, een grondige transformatie van zijn promotieproces doorgevoerd. Doel: de operationele complexiteit verminderen en de samenwerking tussen marketing-, aankoop- en commerci\u00eble teams versterken.<\/p>\n<p data-start=\"351\" data-end=\"783\">Het project, voorgesteld door <strong data-start=\"381\" data-end=\"400\">Dave Froidcoeur<\/strong> (Carrefour Belgi\u00eb) en <strong data-start=\"423\" data-end=\"438\">Jeroen Huys<\/strong> (AddRetail) tijdens de <strong data-start=\"462\" data-end=\"491\">Retail Marketing Day 2025<\/strong>, maakt deel uit van een bredere reflectie over organisatorische effici\u00ebntie binnen de retailsector. Geconfronteerd met toenemende promotiedruk en strakke deadlines, besloot Carrefour zijn manier van werken fundamenteel te herzien in plaats van te blijven sleutelen aan losse verbeteringen.<\/p>\n<p data-start=\"785\" data-end=\"1002\">En met succes! De nieuwe, overkoepelende aanpak leverde tastbare resultaten op: 30% minder fouten in promotiemateriaal, snellere validaties en betere afstemming tussen strategische en operationele teams.<\/p>\n<p data-start=\"1004\" data-end=\"1165\">Volgens <strong data-start=\"1012\" data-end=\"1033\">Yannick de Bi\u00e8vre<\/strong>, Director of Marketing, Customer Services &amp; Analytics bij Carrefour Belgi\u00eb, gaat de verandering veel verder dan procesoptimalisatie: \u201c<em>Door marketing, aankoop en sales weer te verbinden, hebben we een gemeenschappelijk ritme en een gedeelde richting gecre\u00eberd. Dat laat ons toe sneller te handelen en met \u00e9\u00e9n stem naar de klant te spreken.<\/em>\u201d<\/p>\n<p data-start=\"1382\" data-end=\"1550\">Voor AddRetail toont deze samenwerking een duidelijke overtuiging: echte retailtransformatie begint bij bedrijfscultuur en samenwerking over disciplines heen.<\/p>\n<p data-start=\"1554\" data-end=\"1749\" data-is-last-node=\"\">\u201c<em>Relevant blijven in retail draait niet alleen om innovatie of communicatie<\/em>\u201d, zegt <strong>Isabel Donvil<\/strong>, CEO van AddRetail. \u201c<em>Het gaat erom de verbinding te maken tussen mensen, processen en doelen<\/em>.\u201d<\/p>\n","protected":false},"excerpt":{"rendered":"<p>Tijdens de Retail Marketing Day 2025 presenteerden Carrefour Belgi\u00eb en AddRetail een vernieuwend project dat het promotieproces van de retailer grondig hertekende. Het resultaat: 30% minder fouten en een sterkere samenwerking tussen de aankoop, marketing en commerci\u00eble teams. <\/p>\n","protected":false},"author":5775,"featured_media":302596,"comment_status":"closed","ping_status":"closed","sticky":false,"template":"","format":"standard","meta":{"_acf_changed":false,"_FSMCFIC_featured_image_caption":"Dave Froidcoeur (Carrefour Belgi\u00eb) en Jeroen Huys (AddRetail) tijdens de Retail Marketing Day 2025. \u00a9 AddRetail","_FSMCFIC_featured_image_nocaption":"","_FSMCFIC_featured_image_hide":"","footnotes":""},"categories":[5664,9339],"tags":[6767,6306,31472,6816,31471,6532],"class_list":["post-302608","post","type-post","status-publish","format-standard","has-post-thumbnail","hentry","category-media-nl","category-news-nl","tag-addretail","tag-carrefour","tag-dave-froidcoeur-nl","tag-isabel-donvil","tag-jeroen-huys-nl","tag-yannick-de-bievre","entry","cat-5664-id"],"acf":[],"aioseo_notices":[],"fimg_url":"https:\/\/be.themedialeader.com\/wp-content\/uploads\/2025\/11\/Carrefour-x-Addretail.jpg","publishpress_future_action":{"enabled":false,"date":"2026-05-06 06:31:08","action":"change-status","newStatus":"draft","terms":[],"taxonomy":"category"},"_links":{"self":[{"href":"https:\/\/be.themedialeader.com\/nl\/wp-json\/wp\/v2\/posts\/302608"}],"collection":[{"href":"https:\/\/be.themedialeader.com\/nl\/wp-json\/wp\/v2\/posts"}],"about":[{"href":"https:\/\/be.themedialeader.com\/nl\/wp-json\/wp\/v2\/types\/post"}],"author":[{"embeddable":true,"href":"https:\/\/be.themedialeader.com\/nl\/wp-json\/wp\/v2\/users\/5775"}],"replies":[{"embeddable":true,"href":"https:\/\/be.themedialeader.com\/nl\/wp-json\/wp\/v2\/comments?post=302608"}],"version-history":[{"count":3,"href":"https:\/\/be.themedialeader.com\/nl\/wp-json\/wp\/v2\/posts\/302608\/revisions"}],"predecessor-version":[{"id":302635,"href":"https:\/\/be.themedialeader.com\/nl\/wp-json\/wp\/v2\/posts\/302608\/revisions\/302635"}],"wp:featuredmedia":[{"embeddable":true,"href":"https:\/\/be.themedialeader.com\/nl\/wp-json\/wp\/v2\/media\/302596"}],"wp:attachment":[{"href":"https:\/\/be.themedialeader.com\/nl\/wp-json\/wp\/v2\/media?parent=302608"}],"wp:term":[{"taxonomy":"category","embeddable":true,"href":"https:\/\/be.themedialeader.com\/nl\/wp-json\/wp\/v2\/categories?post=302608"},{"taxonomy":"post_tag","embeddable":true,"href":"https:\/\/be.themedialeader.com\/nl\/wp-json\/wp\/v2\/tags?post=302608"}],"curies":[{"name":"wp","href":"https:\/\/api.w.org\/{rel}","templated":true}]}}